{"id":2420,"date":"2019-01-15T15:59:22","date_gmt":"2019-01-15T14:59:22","guid":{"rendered":"https:\/\/staysafe.bazl.admin.ch\/?p=2420"},"modified":"2019-01-15T15:59:22","modified_gmt":"2019-01-15T14:59:22","slug":"wef-einschraenkungen-im-luftraumwef-restrictions-de-circulation-dans-lespace-aerien","status":"publish","type":"post","link":"https:\/\/staysafe.aero\/de\/wef-einschraenkungen-im-luftraumwef-restrictions-de-circulation-dans-lespace-aerien\/","title":{"rendered":"WEF: Einschr\u00e4nkungen im Luftraum"},"content":{"rendered":"<p>Vom 22. Januar bis zum 25. Januar 2019 findet in Davos wieder das World Economic Forum (WEF) statt. Damit verbunden sind Einschr\u00e4nkungen im Luftraum rund um den Tagungsort. Die Restricted Area ist zum Teil bereits ab dem 21. Januar aktiv. Die genauen Zeiten, zu denen diese Einschr\u00e4nkungen gelten, werden auch per NOTAM bekannt gegeben und im DABS ver\u00f6ffentlicht. Einen \u00dcberblick findest du auch unter <a href=\"http:\/\/www.bazl.admin.ch\/wef\" target=\"_blank\" rel=\"noopener\">www.bazl.admin.ch\/wef<\/a>. Dort sind zudem Formulare aufgeschaltet, mit denen du Bewilligungen beantragen kannst, falls du eine brauchst, um in die Restricted Area zu fliegen. Sonst gilt: Die angegebene Zone ist zu meiden.<\/p>\n<p>G\u00fcltigkeitsdauer der Beschr\u00e4nkungen: Montag, 21. Januar 2019 von 0800 &#8211; Samstag, 26. Januar 2019 1700 Lokalzeit<\/p>\n<p>&nbsp;<\/p>","protected":false},"excerpt":{"rendered":"<p>Vom 22. Januar bis zum 25. Januar 2019 findet in Davos wieder das World Economic Forum (WEF) statt. Damit verbunden [&hellip;]<\/p>\n","protected":false},"author":10,"featured_media":2421,"comment_status":"open","ping_status":"closed","sticky":false,"template":"","format":"standard","meta":{"_exactmetrics_skip_tracking":false,"_exactmetrics_sitenote_active":false,"_exactmetrics_sitenote_note":"","_exactmetrics_sitenote_category":0,"footnotes":""},"categories":[1,10,13,30,31],"tags":[196,200,270,275,298,305],"class_list":["post-2420","post","type-post","status-publish","format-standard","has-post-thumbnail","hentry","category-home-teaser","category-flugzeug","category-aktuell","category-diverses","category-operation","tag-airspace-infringement","tag-wef","tag-luftraum","tag-navigation-aerienne","tag-air-operations","tag-air-navigation"],"_links":{"self":[{"href":"https:\/\/staysafe.aero\/de\/wp-json\/wp\/v2\/posts\/2420","targetHints":{"allow":["GET"]}}],"collection":[{"href":"https:\/\/staysafe.aero\/de\/wp-json\/wp\/v2\/posts"}],"about":[{"href":"https:\/\/staysafe.aero\/de\/wp-json\/wp\/v2\/types\/post"}],"author":[{"embeddable":true,"href":"https:\/\/staysafe.aero\/de\/wp-json\/wp\/v2\/users\/10"}],"replies":[{"embeddable":true,"href":"https:\/\/staysafe.aero\/de\/wp-json\/wp\/v2\/comments?post=2420"}],"version-history":[{"count":4,"href":"https:\/\/staysafe.aero\/de\/wp-json\/wp\/v2\/posts\/2420\/revisions"}],"predecessor-version":[{"id":2425,"href":"https:\/\/staysafe.aero\/de\/wp-json\/wp\/v2\/posts\/2420\/revisions\/2425"}],"wp:featuredmedia":[{"embeddable":true,"href":"https:\/\/staysafe.aero\/de\/wp-json\/wp\/v2\/media\/2421"}],"wp:attachment":[{"href":"https:\/\/staysafe.aero\/de\/wp-json\/wp\/v2\/media?parent=2420"}],"wp:term":[{"taxonomy":"category","embeddable":true,"href":"https:\/\/staysafe.aero\/de\/wp-json\/wp\/v2\/categories?post=2420"},{"taxonomy":"post_tag","embeddable":true,"href":"https:\/\/staysafe.aero\/de\/wp-json\/wp\/v2\/tags?post=2420"}],"curies":[{"name":"wp","href":"https:\/\/api.w.org\/{rel}","templated":true}]}}