{"id":3095,"date":"2020-03-22T11:49:51","date_gmt":"2020-03-22T10:49:51","guid":{"rendered":"https:\/\/staysafe.bazl.admin.ch\/?p=3095"},"modified":"2020-03-22T12:06:44","modified_gmt":"2020-03-22T11:06:44","slug":"stay-safe-im-ausnahmezustand","status":"publish","type":"post","link":"https:\/\/staysafe.aero\/de\/stay-safe-im-ausnahmezustand\/","title":{"rendered":"Stay Safe im Ausnahmezustand"},"content":{"rendered":"<p>Seit anfangs Woche ist vieles anders. Ein \u00abRuck\u00bb ging durch unser Land und hat die Zivilluftfahrt f\u00f6rmlich auf den Boden gezwungen. Gleichzeitig haben die vom Bundesrat beschlossenen Massnahmen erhebliche Auswirkungen und viele, sehr viele Fragen aufgeworfen, welche auch die General Aviation und euch Stay Safe-Follower betreffen. In Krisensituationen wollen alle schnelle Antworten zur Beseitigung von Unsicherheiten. Doch gerade dann sind sorgf\u00e4ltige Abkl\u00e4rungen gefragt. Und diese sind extrem anspruchsvoll, nicht nur inhaltlich sondern auch organisatorisch. Wir tun aber unser Bestes!<\/p>\n<p>Stay Safe hat den Anspruch mit der Zeit zu gehen und stets \u00fcber aktuelle Safety-Themen zu berichten. Die Aktualit\u00e4t kann aber von einem Tag auf den anderen eine regelrechte Umkehrkurve zur Folge haben. Und seien wir ehrlich: Im jetzigen Zeitpunkt hat der Begriff \u00abStay Safe\u00bb eine v\u00f6llig andere Bedeutung erhalten. Aus diesem Grund haben wir entschieden, keinen \u00abNewstickermodus\u00bb zu \u00fcbernehmen, sondern die Newskadenz auf unserem Kanal an die ausserordentlichen Gegebenheiten anzupassen. Im Vordergrund steht situationsbedingte Antworten auf die vielen Fragen zu bringen.<\/p>\n<p>Gleichzeitig m\u00f6chten wir aber auch wissen, was euch gegenw\u00e4rtig in dieser Situation am meisten besch\u00e4ftigt und welche Fragen im Raum stehen? Ihr k\u00f6nnt uns entweder als Facebook-Kommentar oder per E-Mail auf <a href=\"mailto:staysafe@bazl.admin.ch\">staysafe@bazl.admin.ch<\/a> antworten.<\/p>\n<p>Stay safe \u2013 stay at home and stay healthy!<\/p>","protected":false},"excerpt":{"rendered":"<p>Seit anfangs Woche ist vieles anders. Ein \u00abRuck\u00bb ging durch unser Land und hat die Zivilluftfahrt f\u00f6rmlich auf den Boden [&hellip;]<\/p>\n","protected":false},"author":13,"featured_media":3096,"comment_status":"open","ping_status":"closed","sticky":false,"template":"","format":"standard","meta":{"_exactmetrics_skip_tracking":false,"_exactmetrics_sitenote_active":false,"_exactmetrics_sitenote_note":"","_exactmetrics_sitenote_category":0,"footnotes":""},"categories":[1,13,30],"tags":[],"class_list":["post-3095","post","type-post","status-publish","format-standard","has-post-thumbnail","hentry","category-home-teaser","category-aktuell","category-diverses"],"_links":{"self":[{"href":"https:\/\/staysafe.aero\/de\/wp-json\/wp\/v2\/posts\/3095","targetHints":{"allow":["GET"]}}],"collection":[{"href":"https:\/\/staysafe.aero\/de\/wp-json\/wp\/v2\/posts"}],"about":[{"href":"https:\/\/staysafe.aero\/de\/wp-json\/wp\/v2\/types\/post"}],"author":[{"embeddable":true,"href":"https:\/\/staysafe.aero\/de\/wp-json\/wp\/v2\/users\/13"}],"replies":[{"embeddable":true,"href":"https:\/\/staysafe.aero\/de\/wp-json\/wp\/v2\/comments?post=3095"}],"version-history":[{"count":6,"href":"https:\/\/staysafe.aero\/de\/wp-json\/wp\/v2\/posts\/3095\/revisions"}],"predecessor-version":[{"id":3102,"href":"https:\/\/staysafe.aero\/de\/wp-json\/wp\/v2\/posts\/3095\/revisions\/3102"}],"wp:featuredmedia":[{"embeddable":true,"href":"https:\/\/staysafe.aero\/de\/wp-json\/wp\/v2\/media\/3096"}],"wp:attachment":[{"href":"https:\/\/staysafe.aero\/de\/wp-json\/wp\/v2\/media?parent=3095"}],"wp:term":[{"taxonomy":"category","embeddable":true,"href":"https:\/\/staysafe.aero\/de\/wp-json\/wp\/v2\/categories?post=3095"},{"taxonomy":"post_tag","embeddable":true,"href":"https:\/\/staysafe.aero\/de\/wp-json\/wp\/v2\/tags?post=3095"}],"curies":[{"name":"wp","href":"https:\/\/api.w.org\/{rel}","templated":true}]}}