{"id":3221,"date":"2020-05-29T12:56:27","date_gmt":"2020-05-29T11:56:27","guid":{"rendered":"https:\/\/staysafe.admin.ch\/?p=3221"},"modified":"2020-05-29T12:56:27","modified_gmt":"2020-05-29T11:56:27","slug":"erhoehte-aktivierung-der-ctr-in-meiringen","status":"publish","type":"post","link":"https:\/\/staysafe.aero\/de\/erhoehte-aktivierung-der-ctr-in-meiringen\/","title":{"rendered":"Erh\u00f6hte Aktivierung der CTR in Meiringen"},"content":{"rendered":"<p>Wegen Bauarbeiten auf dem Flugplatz Payerne wird in der Periode von Dienstag, 2. Juni \u2013 Freitag, 2. Juli 2020 die Luftwaffe erh\u00f6hte Aktivit\u00e4ten ab Meiringen durchf\u00fchren. In dieser Zeit muss zwischen 06:00 und 22:00 (LT) \u2013 insbesondere ausserhalb der ordentlichen Milit\u00e4rflugdienstzeiten und am Wochenende &#8211; mit kurzfristigen Aktivierungen der CTR und TMA gerechnet werden. Bitte den Luftraumstatus auf der TWR-Frequenz \u00fcberpr\u00fcfen und w\u00e4hrend dem Verbleib in CTR\/TMA die Frequenz abh\u00f6ren.<\/p>","protected":false},"excerpt":{"rendered":"<p>Wegen Bauarbeiten auf dem Flugplatz Payerne wird in der Periode von Dienstag, 2. Juni \u2013 Freitag, 2. Juli 2020 die [&hellip;]<\/p>\n","protected":false},"author":13,"featured_media":3222,"comment_status":"open","ping_status":"closed","sticky":false,"template":"","format":"standard","meta":{"_exactmetrics_skip_tracking":false,"_exactmetrics_sitenote_active":false,"_exactmetrics_sitenote_note":"","_exactmetrics_sitenote_category":0,"footnotes":""},"categories":[1,13,31],"tags":[196,242],"class_list":["post-3221","post","type-post","status-publish","format-standard","has-post-thumbnail","hentry","category-home-teaser","category-aktuell","category-operation","tag-airspace-infringement","tag-flugplanung"],"_links":{"self":[{"href":"https:\/\/staysafe.aero\/de\/wp-json\/wp\/v2\/posts\/3221","targetHints":{"allow":["GET"]}}],"collection":[{"href":"https:\/\/staysafe.aero\/de\/wp-json\/wp\/v2\/posts"}],"about":[{"href":"https:\/\/staysafe.aero\/de\/wp-json\/wp\/v2\/types\/post"}],"author":[{"embeddable":true,"href":"https:\/\/staysafe.aero\/de\/wp-json\/wp\/v2\/users\/13"}],"replies":[{"embeddable":true,"href":"https:\/\/staysafe.aero\/de\/wp-json\/wp\/v2\/comments?post=3221"}],"version-history":[{"count":1,"href":"https:\/\/staysafe.aero\/de\/wp-json\/wp\/v2\/posts\/3221\/revisions"}],"predecessor-version":[{"id":3223,"href":"https:\/\/staysafe.aero\/de\/wp-json\/wp\/v2\/posts\/3221\/revisions\/3223"}],"wp:featuredmedia":[{"embeddable":true,"href":"https:\/\/staysafe.aero\/de\/wp-json\/wp\/v2\/media\/3222"}],"wp:attachment":[{"href":"https:\/\/staysafe.aero\/de\/wp-json\/wp\/v2\/media?parent=3221"}],"wp:term":[{"taxonomy":"category","embeddable":true,"href":"https:\/\/staysafe.aero\/de\/wp-json\/wp\/v2\/categories?post=3221"},{"taxonomy":"post_tag","embeddable":true,"href":"https:\/\/staysafe.aero\/de\/wp-json\/wp\/v2\/tags?post=3221"}],"curies":[{"name":"wp","href":"https:\/\/api.w.org\/{rel}","templated":true}]}}