{"id":3569,"date":"2021-01-14T09:21:07","date_gmt":"2021-01-14T08:21:07","guid":{"rendered":"https:\/\/staysafe.admin.ch\/?p=3569"},"modified":"2021-01-14T09:21:07","modified_gmt":"2021-01-14T08:21:07","slug":"blitzumfrage-wie-hoch-fliege-ich-im-winter-wirklich","status":"publish","type":"post","link":"https:\/\/staysafe.aero\/de\/blitzumfrage-wie-hoch-fliege-ich-im-winter-wirklich\/","title":{"rendered":"Blitzumfrage: Wie hoch fliege ich im Winter wirklich?"},"content":{"rendered":"<p>Ein Praxisbeispiel:<\/p>\n<p>Gem\u00e4ss ICAO-Karte wird als Mindestflugh\u00f6he f\u00fcr die Route Lenzerheide \u2013 Julierpass \u2013Samedan 8\u2018600 ft angegeben. Der Julierpass liegt auf 7\u2018493 ft weshalb er mit 1\u2018100 ft \u00fcberflogen wird. Ist das im Winter bei gemessenen -22\u00b0C wirklich so?<\/p>\n<p><img loading=\"lazy\" decoding=\"async\" class=\"alignnone size-full wp-image-3570\" src=\"https:\/\/staysafe.aero\/wp-content\/uploads\/2021\/01\/Fliegen-im-Winter_Praxisbeispiel.jpg\" alt=\"\" width=\"476\" height=\"459\" srcset=\"https:\/\/staysafe.aero\/wp-content\/uploads\/2021\/01\/Fliegen-im-Winter_Praxisbeispiel.jpg 476w, https:\/\/staysafe.aero\/wp-content\/uploads\/2021\/01\/Fliegen-im-Winter_Praxisbeispiel-300x289.jpg 300w\" sizes=\"auto, (max-width: 476px) 100vw, 476px\" \/><\/p>\n<p>&nbsp;<\/p>\n<p><a href=\"https:\/\/findmind.ch\/c\/zJksCJesHW\/complete\"><img loading=\"lazy\" decoding=\"async\" class=\"alignnone size-full wp-image-3574\" src=\"https:\/\/staysafe.aero\/wp-content\/uploads\/2021\/01\/Blitzumfrage.png\" alt=\"\" width=\"213\" height=\"59\" \/><\/a><\/p>","protected":false},"excerpt":{"rendered":"<p>Ein Praxisbeispiel: Gem\u00e4ss ICAO-Karte wird als Mindestflugh\u00f6he f\u00fcr die Route Lenzerheide \u2013 Julierpass \u2013Samedan 8\u2018600 ft angegeben. Der Julierpass liegt [&hellip;]<\/p>\n","protected":false},"author":13,"featured_media":3578,"comment_status":"open","ping_status":"closed","sticky":false,"template":"","format":"standard","meta":{"_exactmetrics_skip_tracking":false,"_exactmetrics_sitenote_active":false,"_exactmetrics_sitenote_note":"","_exactmetrics_sitenote_category":0,"footnotes":""},"categories":[1,9,13,30,31],"tags":[42,279],"class_list":["post-3569","post","type-post","status-publish","format-standard","has-post-thumbnail","hentry","category-home-teaser","category-pilot","category-aktuell","category-diverses","category-operation","tag-winter","tag-fliegen-im-gebirge"],"_links":{"self":[{"href":"https:\/\/staysafe.aero\/de\/wp-json\/wp\/v2\/posts\/3569","targetHints":{"allow":["GET"]}}],"collection":[{"href":"https:\/\/staysafe.aero\/de\/wp-json\/wp\/v2\/posts"}],"about":[{"href":"https:\/\/staysafe.aero\/de\/wp-json\/wp\/v2\/types\/post"}],"author":[{"embeddable":true,"href":"https:\/\/staysafe.aero\/de\/wp-json\/wp\/v2\/users\/13"}],"replies":[{"embeddable":true,"href":"https:\/\/staysafe.aero\/de\/wp-json\/wp\/v2\/comments?post=3569"}],"version-history":[{"count":5,"href":"https:\/\/staysafe.aero\/de\/wp-json\/wp\/v2\/posts\/3569\/revisions"}],"predecessor-version":[{"id":3577,"href":"https:\/\/staysafe.aero\/de\/wp-json\/wp\/v2\/posts\/3569\/revisions\/3577"}],"wp:featuredmedia":[{"embeddable":true,"href":"https:\/\/staysafe.aero\/de\/wp-json\/wp\/v2\/media\/3578"}],"wp:attachment":[{"href":"https:\/\/staysafe.aero\/de\/wp-json\/wp\/v2\/media?parent=3569"}],"wp:term":[{"taxonomy":"category","embeddable":true,"href":"https:\/\/staysafe.aero\/de\/wp-json\/wp\/v2\/categories?post=3569"},{"taxonomy":"post_tag","embeddable":true,"href":"https:\/\/staysafe.aero\/de\/wp-json\/wp\/v2\/tags?post=3569"}],"curies":[{"name":"wp","href":"https:\/\/api.w.org\/{rel}","templated":true}]}}