{"id":4611,"date":"2023-06-12T10:13:44","date_gmt":"2023-06-12T09:13:44","guid":{"rendered":"https:\/\/staysafe.admin.ch\/?p=4611"},"modified":"2023-06-12T10:24:22","modified_gmt":"2023-06-12T09:24:22","slug":"aktuell-luftoperation-air-defender-2023-deutschland","status":"publish","type":"post","link":"https:\/\/staysafe.aero\/de\/aktuell-luftoperation-air-defender-2023-deutschland\/","title":{"rendered":"Aktuell: Luftoperation Air Defender 2023 (Deutschland)"},"content":{"rendered":"<p><\/p>\n<p data-pm-slice=\"1 1 []\">Von 12.-23. Juni 2023 findet in Europa die NATO-\u00dcbung Air Defender 2023 statt. Daf\u00fcr werden unter anderem in Deutschland tags\u00fcber unter der Woche \u00abSperrgebiete\u00bb errichtet. Pilotinnen und Piloten, die nach oder in Deutschland fliegen, sollten sich vorg\u00e4ngig gut informieren. Die Deutsche Flugsicherung (DFS) hat hierzu diverse Informationen publiziert. (siehe Link unten). Ausserdem hat das <a href=\"https:\/\/www.fliegermagazin.de\/news\/wo-sind-die-sperrgebiete-von-air-defender-2023\/?fbclid=IwAR1dxQEQrCl5iyEzsmcPzN5wYS5CSRa-3yx8qJOPSYtaHL8hXFE8RfaThXo\" target=\"_blank\" rel=\"noopener\">Fliegermagazin sich ebenfalls diesem Thema<\/a> gewidmet.<\/p>\n<p><strong>F\u00fcr die Schweiz:<\/strong> Der Sichtflugverkehr in der Schweiz ist von diesen Einschr\u00e4nkungen nicht betroffen.<\/p>\n<p>Deutsche Flugsicherung: Air Defender 2023: <a href=\"https:\/\/dfs.de\/homepage\/de\/medien\/ifr-vfr-informationen\/vfr-informationen\/aip-sup-militaerische-uebung-air-defender-2023\/\">AIP SUP Milit\u00e4rische \u00dcbung Air Defender 2023 | DFS Deutsche Flugsicherung GmbH<\/a><\/p>\n<p><strong class=\"ql-hashtag\">#weareGA<\/strong>\u00a0<strong class=\"ql-hashtag\">#pilots<\/strong>\u00a0<strong class=\"ql-hashtag\">#flying<\/strong>\u00a0<strong class=\"ql-hashtag\">#avsafety<\/strong>\u00a0<strong class=\"ql-hashtag\">#generalaviation<\/strong>\u00a0<strong class=\"ql-hashtag\">#airoperation<\/strong>\u00a0<strong class=\"ql-hashtag\">#safetyculture<\/strong>\u00a0<strong class=\"ql-hashtag\">#airspace<\/strong><\/p>\n<p>&nbsp;<\/p>","protected":false},"excerpt":{"rendered":"<p>Von 12.-23. Juni 2023 findet in Europa die NATO-\u00dcbung Air Defender 2023 statt. Daf\u00fcr werden unter anderem in Deutschland tags\u00fcber [&hellip;]<\/p>\n","protected":false},"author":13,"featured_media":4613,"comment_status":"open","ping_status":"closed","sticky":false,"template":"","format":"standard","meta":{"_exactmetrics_skip_tracking":false,"_exactmetrics_sitenote_active":false,"_exactmetrics_sitenote_note":"","_exactmetrics_sitenote_category":0,"footnotes":""},"categories":[1,13,446,463],"tags":[210,270,298],"class_list":["post-4611","post","type-post","status-publish","format-standard","has-post-thumbnail","hentry","category-home-teaser","category-aktuell","category-flugplanung","category-luftraum","tag-flugvorbereitung","tag-luftraum","tag-air-operations"],"_links":{"self":[{"href":"https:\/\/staysafe.aero\/de\/wp-json\/wp\/v2\/posts\/4611","targetHints":{"allow":["GET"]}}],"collection":[{"href":"https:\/\/staysafe.aero\/de\/wp-json\/wp\/v2\/posts"}],"about":[{"href":"https:\/\/staysafe.aero\/de\/wp-json\/wp\/v2\/types\/post"}],"author":[{"embeddable":true,"href":"https:\/\/staysafe.aero\/de\/wp-json\/wp\/v2\/users\/13"}],"replies":[{"embeddable":true,"href":"https:\/\/staysafe.aero\/de\/wp-json\/wp\/v2\/comments?post=4611"}],"version-history":[{"count":6,"href":"https:\/\/staysafe.aero\/de\/wp-json\/wp\/v2\/posts\/4611\/revisions"}],"predecessor-version":[{"id":4618,"href":"https:\/\/staysafe.aero\/de\/wp-json\/wp\/v2\/posts\/4611\/revisions\/4618"}],"wp:featuredmedia":[{"embeddable":true,"href":"https:\/\/staysafe.aero\/de\/wp-json\/wp\/v2\/media\/4613"}],"wp:attachment":[{"href":"https:\/\/staysafe.aero\/de\/wp-json\/wp\/v2\/media?parent=4611"}],"wp:term":[{"taxonomy":"category","embeddable":true,"href":"https:\/\/staysafe.aero\/de\/wp-json\/wp\/v2\/categories?post=4611"},{"taxonomy":"post_tag","embeddable":true,"href":"https:\/\/staysafe.aero\/de\/wp-json\/wp\/v2\/tags?post=4611"}],"curies":[{"name":"wp","href":"https:\/\/api.w.org\/{rel}","templated":true}]}}