{"id":5890,"date":"2026-01-13T12:01:54","date_gmt":"2026-01-13T11:01:54","guid":{"rendered":"https:\/\/staysafe.aero\/?p=5890"},"modified":"2026-01-13T16:22:49","modified_gmt":"2026-01-13T15:22:49","slug":"wef-2026-bitte-luftraumeinschraenkungen-beachten","status":"publish","type":"post","link":"https:\/\/staysafe.aero\/de\/wef-2026-bitte-luftraumeinschraenkungen-beachten\/","title":{"rendered":"WEF 2026: Bitte Luftraumeinschr\u00e4nkungen beachten"},"content":{"rendered":"<p><b>Vom 19. bis 24. Januar 2026 findet das Weltwirtschaftsforum in Davos stat<\/b><strong>t.\u00a0In einer Zone \u2013 Radius 25 Nautische Meilen (ca. 46,3 km) mit Zentrum Davos \u2013 ist der Flugverkehr \u00fcber schweizerischem, \u00f6sterreichischem, liechtensteinischem und italienischem Hoheitsgebiet eingeschr\u00e4nkt. Bitte plane deine Fl\u00fcge sorgf\u00e4ltig und vermeide Luftraumverletzungen.<\/strong><\/p>\n<p><img loading=\"lazy\" decoding=\"async\" class=\"alignnone size-full wp-image-5892\" src=\"https:\/\/staysafe.aero\/wp-content\/uploads\/2026\/01\/WEF2026-DAVOS.avif\" alt=\"\" width=\"2048\" height=\"1448\" srcset=\"https:\/\/staysafe.aero\/wp-content\/uploads\/2026\/01\/WEF2026-DAVOS.avif 2048w, https:\/\/staysafe.aero\/wp-content\/uploads\/2026\/01\/WEF2026-DAVOS-300x212.avif 300w, https:\/\/staysafe.aero\/wp-content\/uploads\/2026\/01\/WEF2026-DAVOS-1024x724.avif 1024w, https:\/\/staysafe.aero\/wp-content\/uploads\/2026\/01\/WEF2026-DAVOS-768x543.avif 768w, https:\/\/staysafe.aero\/wp-content\/uploads\/2026\/01\/WEF2026-DAVOS-1536x1086.avif 1536w\" sizes=\"auto, (max-width: 2048px) 100vw, 2048px\" \/><\/p>\n<p>&nbsp;<\/p>\n<p class=\"p1\"><strong>An- und Abfl\u00fcge zu den Regionalflugpl\u00e4tzen, den innerhalb der LSR-Area gelegenen Flugpl\u00e4tze und Heliports<\/strong> richten sich nach besonderen Regeln und Verfahren, welche von der Luftwaffe in Zusammenarbeit mit dem Bundesamt f\u00fcr Zivilluftfahrt (BAZL) ausgearbeitet wurden. Es darf nur auf den vorgegebenen Sichtflug-Routen geflogen werden. Alle diese Fl\u00fcge sind <strong>bewilligungspflichtig<\/strong>. Die Akkreditierung der Piloten sowie der Luftfahrzeuge ist Voraussetzung f\u00fcr die Bewilligung. Auch nach einer Akkreditierung ist f\u00fcr jeden Flug ein Gesuch an die Luftwaffe zu stellen, welche nach operationellen Bed\u00fcrfnissen und Sicherheitserw\u00e4gungen dar\u00fcber entscheidet.<\/p>\n<p class=\"p1\">Die Luftfahrt besteht nicht nur aus Helikoptern und Fl\u00e4chenflugzeugen. So sind am 16. Januar sowie vom 19. bis 24. Januar 2026 durchgehend auch andere Luftraumbenutzer Beschr\u00e4nkungen unterworfen:<\/p>\n<ul>\n<li class=\"p1\">F\u00fcr Gleitschirm- und Deltapiloten gilt in diesem Zeitraum im Bereich zwischen Davos Monstein \u00fcber den Wolfgangpass durch das Pr\u00e4ttigau bis nach Landquart sowie im Raum Chur (siehe kleine Karte unten) eine Luftraumsperre.<\/li>\n<li class=\"p1\">F\u00fcr unbemannte Luftfahrzeuge (Drohnen inkl. Drohnen unter 250g, Multikopter, Modellhelikopter und Modellflugzeuge) gilt eine durchgehende Luftraumsperre (Raum siehe ebenfalls kleine Karte unten) bereits ab dem 14. Januar durchgehend bis 24. Januar 2026.<\/li>\n<li class=\"p1\">F\u00fcr Gleitschirm- und Deltapiloten gilt im selben Bereich (siehe Karte unten) eine Luftraumsperre am 16. Januar, von 10.00 bis 17.00 Uhr, sowie vom 19. Januar, 8.00 Uhr, bis 24. Januar, 17.00 Uhr, durchgehend.<\/li>\n<\/ul>\n<p id=\"doc-1jbkctbot0\" class=\"font--regular\">Details sind <a class=\"link--external\" href=\"https:\/\/map.geo.admin.ch\/?layers=ch.bazl.einschraenkungen-drohnen&amp;lang=de\" target=\"_blank\" rel=\"external noopener\" aria-label=\"auf der Drohnenkarte Link in neuem Tab \u00f6ffnen\">auf der Drohnenkarte<\/a>\u00a0verf\u00fcgbar.<\/p>\n<p id=\"doc-1jbkctbou0\" class=\"font--regular\">Fl\u00fcge mit\u00a0<strong>Deltaseglern oder Gleitschirmen\u00a0<\/strong>sind am 16. Januar sowie vom 19. bis 24. Januar 2026 eingeschr\u00e4nkt. Details sind auf der\u00a0<a class=\"link--external\" href=\"https:\/\/www.shv-fsvl.ch\/\" target=\"_blank\" rel=\"external noopener\" aria-label=\"Webseite des H\u00e4ngegleiterverbandes Link in neuem Tab \u00f6ffnen\">Webseite des H\u00e4ngegleiterverbandes<\/a> verf\u00fcgbar. Die detaillierten Informationen sind den offiziellen Publikationen (VFR Manual SUP, NOTAM, DABS, s. weiterf\u00fchrende Informationen) zu entnehmen.<\/p>\n<p class=\"p1\">\n<p><\/p>","protected":false},"excerpt":{"rendered":"<p>Vom 19. bis 24. Januar 2026 findet das Weltwirtschaftsforum in Davos statt.\u00a0In einer Zone \u2013 Radius 25 Nautische Meilen (ca. [&hellip;]<\/p>\n","protected":false},"author":13,"featured_media":5891,"comment_status":"open","ping_status":"closed","sticky":false,"template":"","format":"standard","meta":{"_exactmetrics_skip_tracking":false,"_exactmetrics_sitenote_active":false,"_exactmetrics_sitenote_note":"","_exactmetrics_sitenote_category":0,"footnotes":""},"categories":[490,491,492,493,494,502,504,506,1,508,13,515,31,463,486,487,488,489],"tags":[200,201,322],"class_list":["post-5890","post","type-post","status-publish","format-standard","has-post-thumbnail","hentry","category-modellflug","category-rpas","category-eigenbau","category-ballon","category-parachute","category-aktuelle-themen","category-pilot-ich-bin","category-fluglehrerin","category-home-teaser","category-eine-person-aus-dem-umfeld-der-allgemeinen-luftfahrt","category-aktuell","category-safety-notifications","category-operation","category-luftraum","category-motorflug","category-segelflug","category-ultraleicht-ecolight","category-helikopter","tag-wef","tag-restricted-area","tag-airspace"],"_links":{"self":[{"href":"https:\/\/staysafe.aero\/de\/wp-json\/wp\/v2\/posts\/5890","targetHints":{"allow":["GET"]}}],"collection":[{"href":"https:\/\/staysafe.aero\/de\/wp-json\/wp\/v2\/posts"}],"about":[{"href":"https:\/\/staysafe.aero\/de\/wp-json\/wp\/v2\/types\/post"}],"author":[{"embeddable":true,"href":"https:\/\/staysafe.aero\/de\/wp-json\/wp\/v2\/users\/13"}],"replies":[{"embeddable":true,"href":"https:\/\/staysafe.aero\/de\/wp-json\/wp\/v2\/comments?post=5890"}],"version-history":[{"count":3,"href":"https:\/\/staysafe.aero\/de\/wp-json\/wp\/v2\/posts\/5890\/revisions"}],"predecessor-version":[{"id":5895,"href":"https:\/\/staysafe.aero\/de\/wp-json\/wp\/v2\/posts\/5890\/revisions\/5895"}],"wp:featuredmedia":[{"embeddable":true,"href":"https:\/\/staysafe.aero\/de\/wp-json\/wp\/v2\/media\/5891"}],"wp:attachment":[{"href":"https:\/\/staysafe.aero\/de\/wp-json\/wp\/v2\/media?parent=5890"}],"wp:term":[{"taxonomy":"category","embeddable":true,"href":"https:\/\/staysafe.aero\/de\/wp-json\/wp\/v2\/categories?post=5890"},{"taxonomy":"post_tag","embeddable":true,"href":"https:\/\/staysafe.aero\/de\/wp-json\/wp\/v2\/tags?post=5890"}],"curies":[{"name":"wp","href":"https:\/\/api.w.org\/{rel}","templated":true}]}}