{"id":2150,"date":"2018-06-19T15:31:48","date_gmt":"2018-06-19T14:31:48","guid":{"rendered":"http:\/\/staysafe.bazl.admin.ch\/?p=2150"},"modified":"2018-06-19T15:31:48","modified_gmt":"2018-06-19T14:31:48","slug":"besuch-papst-franziskus-in-genf-einschraenkungen-des-luftraumesvisite-de-pape-francois-a-geneve-creation-dune-zone-reglementee","status":"publish","type":"post","link":"https:\/\/staysafe.aero\/fr\/besuch-papst-franziskus-in-genf-einschraenkungen-des-luftraumesvisite-de-pape-francois-a-geneve-creation-dune-zone-reglementee\/","title":{"rendered":"Visite de pape Fran\u00e7ois \u00e0 Gen\u00e8ve &#8211; cr\u00e9ation d&#8217;une zone r\u00e9glement\u00e9e"},"content":{"rendered":"<p>Le pape Fran\u00e7ois visitera Gen\u00e8ve jeudi 21 juin. Parmi les mesures de s\u00e9curit\u00e9 qui seront mises en place, le Conseil f\u00e9d\u00e9ral a d\u00e9cid\u00e9<a href=\"https:\/\/www.bazl.admin.ch\/dam\/bazl\/de\/dokumente\/Facebook_Stay_Safe\/Plakat_RestrictedArea_Papstbesuch_Genf_2018.pdf.download.pdf\/84_045_e_Plakat_RestrictedArea_Papstbesuch_2018_A3.pdf\"> une limitation d&#8217;acc\u00e8s \u00e0 l&#8217;espace a\u00e9rien dans la r\u00e9gion de 9h \u00e0 21h<\/a>. Les Forces a\u00e9riennes refonrceront leur service de police a\u00e9rienne. Pour les d\u00e9tails, veuillez, comme vous le faites syst\u00e9matiquement, <a href=\"https:\/\/www.skybriefing.com\/portal\/en\/dabs\">consulter les NOTAM<\/a> dans la pr\u00e9paration de votre vol.<\/p>\n<p><a href=\"http:\/\/staysafe.aero\/wp-content\/uploads\/2018\/06\/Visite-du-Pape-Affiche-informative.pdf\">Visite du Pape &#8211; Affiche informative<\/a><\/p>","protected":false},"excerpt":{"rendered":"<p>Le pape Fran\u00e7ois visitera Gen\u00e8ve jeudi 21 juin. Parmi les mesures de s\u00e9curit\u00e9 qui seront mises en place, le Conseil [&hellip;]<\/p>\n","protected":false},"author":10,"featured_media":2151,"comment_status":"open","ping_status":"closed","sticky":false,"template":"","format":"standard","meta":{"_exactmetrics_skip_tracking":false,"_exactmetrics_sitenote_active":false,"_exactmetrics_sitenote_note":"","_exactmetrics_sitenote_category":0,"footnotes":""},"categories":[13,30,1],"tags":[244,275,298,210],"class_list":["post-2150","post","type-post","status-publish","format-standard","has-post-thumbnail","hentry","category-aktuell","category-diverses","category-home-teaser","tag-flughafen","tag-navigation-aerienne","tag-air-operations","tag-flugvorbereitung"],"_links":{"self":[{"href":"https:\/\/staysafe.aero\/fr\/wp-json\/wp\/v2\/posts\/2150","targetHints":{"allow":["GET"]}}],"collection":[{"href":"https:\/\/staysafe.aero\/fr\/wp-json\/wp\/v2\/posts"}],"about":[{"href":"https:\/\/staysafe.aero\/fr\/wp-json\/wp\/v2\/types\/post"}],"author":[{"embeddable":true,"href":"https:\/\/staysafe.aero\/fr\/wp-json\/wp\/v2\/users\/10"}],"replies":[{"embeddable":true,"href":"https:\/\/staysafe.aero\/fr\/wp-json\/wp\/v2\/comments?post=2150"}],"version-history":[{"count":4,"href":"https:\/\/staysafe.aero\/fr\/wp-json\/wp\/v2\/posts\/2150\/revisions"}],"predecessor-version":[{"id":2156,"href":"https:\/\/staysafe.aero\/fr\/wp-json\/wp\/v2\/posts\/2150\/revisions\/2156"}],"wp:featuredmedia":[{"embeddable":true,"href":"https:\/\/staysafe.aero\/fr\/wp-json\/wp\/v2\/media\/2151"}],"wp:attachment":[{"href":"https:\/\/staysafe.aero\/fr\/wp-json\/wp\/v2\/media?parent=2150"}],"wp:term":[{"taxonomy":"category","embeddable":true,"href":"https:\/\/staysafe.aero\/fr\/wp-json\/wp\/v2\/categories?post=2150"},{"taxonomy":"post_tag","embeddable":true,"href":"https:\/\/staysafe.aero\/fr\/wp-json\/wp\/v2\/tags?post=2150"}],"curies":[{"name":"wp","href":"https:\/\/api.w.org\/{rel}","templated":true}]}}