{"id":2181,"date":"2018-07-19T14:22:07","date_gmt":"2018-07-19T13:22:07","guid":{"rendered":"http:\/\/staysafe.bazl.admin.ch\/?p=2181"},"modified":"2018-07-19T14:22:07","modified_gmt":"2018-07-19T13:22:07","slug":"gefaehrdung-durch-drohnenflugun-drone-responsable-dune-quasi-collision-avec-un-avion-de-ligne","status":"publish","type":"post","link":"https:\/\/staysafe.aero\/fr\/gefaehrdung-durch-drohnenflugun-drone-responsable-dune-quasi-collision-avec-un-avion-de-ligne\/","title":{"rendered":"Un drone responsable d\u2019une quasi-collision avec un avion de ligne"},"content":{"rendered":"<p>Le 28 juin, l\u2019\u00e9quipe d\u2019un Embraer 190 de la compagnie a\u00e9rienne Helvetic a eu la d\u00e9sagr\u00e9able surprise de rencontrer un drone sur son itin\u00e9raire. L\u2019appareil, qui se trouvait en phase d\u2019atterrissage au-dessus de la localit\u00e9 de Weiach \u00e0 une altitude de 700 m environ, a manqu\u00e9 d\u2019entrer en collision avec un drone. Weiach est situ\u00e9e \u00e0 l\u2019int\u00e9rieur de la zone de contr\u00f4le de l\u2019a\u00e9roport de Zurich, une zone o\u00f9 les drones ne doivent th\u00e9oriquement pas voler \u00e0 plus de 150 m au-dessus du sol. Or, le drone en cause se trouvait \u00e0 300 m au-dessus du sol. Son \u00ab\u00a0pilote\u00a0\u00bb, par son comportement ill\u00e9gal, a mis en danger les transports publics. \u00c0 ce jour, on ignore encore son identit\u00e9. Pourtant, la <a href=\"https:\/\/www.bazl.admin.ch\/bazl\/fr\/home\/bonasavoir\/drones-et-modeles-reduits\/drohnenkarte.html\">carte pour drones\u00a0de l\u2019OFAC<\/a> indique tr\u00e8s clairement que Weiach se situe dans une r\u00e9gion o\u00f9 le trafic des drones est soumis \u00e0 des restrictions. De plus, \u00e0 une telle hauteur, on doute fort que le t\u00e9l\u00e9pilote du drone ait eu en permanence son appareil dans son champ de vision.<\/p>\n<p><a href=\"https:\/\/www.bazl.admin.ch\/bazl\/fr\/home\/bonasavoir\/drones-et-modeles-reduits\/regles-informations-drones.html\">R\u00e8gles et informations sur les drones<\/a><\/p>","protected":false},"excerpt":{"rendered":"<p>Le 28 juin, l\u2019\u00e9quipe d\u2019un Embraer 190 de la compagnie a\u00e9rienne Helvetic a eu la d\u00e9sagr\u00e9able surprise de rencontrer un [&hellip;]<\/p>\n","protected":false},"author":7,"featured_media":2185,"comment_status":"open","ping_status":"closed","sticky":false,"template":"","format":"standard","meta":{"_exactmetrics_skip_tracking":false,"_exactmetrics_sitenote_active":false,"_exactmetrics_sitenote_note":"","_exactmetrics_sitenote_category":0,"footnotes":""},"categories":[10,13,1,9],"tags":[195,196,247,298,66,169],"class_list":["post-2181","post","type-post","status-publish","format-standard","has-post-thumbnail","hentry","category-flugzeug","category-aktuell","category-home-teaser","category-pilot","tag-luftraumverletzung","tag-airspace-infringement","tag-verkehrsregeln","tag-air-operations","tag-drohnen","tag-drones"],"_links":{"self":[{"href":"https:\/\/staysafe.aero\/fr\/wp-json\/wp\/v2\/posts\/2181","targetHints":{"allow":["GET"]}}],"collection":[{"href":"https:\/\/staysafe.aero\/fr\/wp-json\/wp\/v2\/posts"}],"about":[{"href":"https:\/\/staysafe.aero\/fr\/wp-json\/wp\/v2\/types\/post"}],"author":[{"embeddable":true,"href":"https:\/\/staysafe.aero\/fr\/wp-json\/wp\/v2\/users\/7"}],"replies":[{"embeddable":true,"href":"https:\/\/staysafe.aero\/fr\/wp-json\/wp\/v2\/comments?post=2181"}],"version-history":[{"count":9,"href":"https:\/\/staysafe.aero\/fr\/wp-json\/wp\/v2\/posts\/2181\/revisions"}],"predecessor-version":[{"id":2199,"href":"https:\/\/staysafe.aero\/fr\/wp-json\/wp\/v2\/posts\/2181\/revisions\/2199"}],"wp:featuredmedia":[{"embeddable":true,"href":"https:\/\/staysafe.aero\/fr\/wp-json\/wp\/v2\/media\/2185"}],"wp:attachment":[{"href":"https:\/\/staysafe.aero\/fr\/wp-json\/wp\/v2\/media?parent=2181"}],"wp:term":[{"taxonomy":"category","embeddable":true,"href":"https:\/\/staysafe.aero\/fr\/wp-json\/wp\/v2\/categories?post=2181"},{"taxonomy":"post_tag","embeddable":true,"href":"https:\/\/staysafe.aero\/fr\/wp-json\/wp\/v2\/tags?post=2181"}],"curies":[{"name":"wp","href":"https:\/\/api.w.org\/{rel}","templated":true}]}}