{"id":3199,"date":"2020-05-19T15:24:26","date_gmt":"2020-05-19T14:24:26","guid":{"rendered":"https:\/\/staysafe.admin.ch\/?p=3199"},"modified":"2020-05-19T15:24:26","modified_gmt":"2020-05-19T14:24:26","slug":"grenzueberschreitende-fluege-und-flugvorbereitung-in-covid19-zeiten","status":"publish","type":"post","link":"https:\/\/staysafe.aero\/fr\/grenzueberschreitende-fluege-und-flugvorbereitung-in-covid19-zeiten\/","title":{"rendered":"COVID19: Vols transfrontaliers et pr\u00e9paration des vols"},"content":{"rendered":"<p>Progressivement, les pays europ\u00e9ens ouvrent leurs espaces a\u00e9riens aux vols transfrontaliers de l&#8217;aviation g\u00e9n\u00e9rale. Dans ce contexte, <strong><a href=\"https:\/\/www.easa.europa.eu\/community\/topics\/what-are-current-restrictions-all-over-europe\">l&#8217;AESA a cr\u00e9\u00e9 une vue d&#8217;ensemble utile<\/a> <\/strong>avec des liens vers les autorit\u00e9s nationales de l&#8217;aviation.<\/p>\n<p>Comme nous l&#8217;avons d\u00e9j\u00e0 mentionn\u00e9, la planification actuelle des vols n\u00e9cessite plus de temps que d&#8217;habitude en raison d&#8217;\u00e9ventuelles restrictions ou exigences.<br \/>\nLa vue d&#8217;ensemble europ\u00e9enne aidera peut-\u00eatre certains d&#8217;entre vous. Dans ce contexte, GASCO du Royaume-Uni a produit une bonne vid\u00e9o en pr\u00e9paration du retour au cockpit.<\/p>\n<p><a href=\"https:\/\/www.gasco.org.uk\/returntoflying.html\"><img loading=\"lazy\" decoding=\"async\" class=\"alignnone wp-image-3206 size-full\" src=\"https:\/\/staysafe.aero\/wp-content\/uploads\/2020\/05\/GASCO.jpg\" alt=\"\" width=\"968\" height=\"579\" srcset=\"https:\/\/staysafe.aero\/wp-content\/uploads\/2020\/05\/GASCO.jpg 968w, https:\/\/staysafe.aero\/wp-content\/uploads\/2020\/05\/GASCO-300x179.jpg 300w, https:\/\/staysafe.aero\/wp-content\/uploads\/2020\/05\/GASCO-768x459.jpg 768w\" sizes=\"auto, (max-width: 968px) 100vw, 968px\" \/><\/a><\/p>\n<p>Si vous avez d&#8217;autres informations ou suggestions importantes, veuillez nous faire part de vos commentaires ou de vos suggestions \u00e0 l&#8217;adresse staysafe@bazl.admin.ch.<\/p>","protected":false},"excerpt":{"rendered":"<p>Progressivement, les pays europ\u00e9ens ouvrent leurs espaces a\u00e9riens aux vols transfrontaliers de l&#8217;aviation g\u00e9n\u00e9rale. Dans ce contexte, l&#8217;AESA a cr\u00e9\u00e9 [&hellip;]<\/p>\n","protected":false},"author":13,"featured_media":3201,"comment_status":"open","ping_status":"closed","sticky":false,"template":"","format":"standard","meta":{"_exactmetrics_skip_tracking":false,"_exactmetrics_sitenote_active":false,"_exactmetrics_sitenote_note":"","_exactmetrics_sitenote_category":0,"footnotes":""},"categories":[1,9,13,30,31],"tags":[135,242],"class_list":["post-3199","post","type-post","status-publish","format-standard","has-post-thumbnail","hentry","category-home-teaser","category-pilot","category-aktuell","category-diverses","category-operation","tag-notam","tag-flugplanung"],"_links":{"self":[{"href":"https:\/\/staysafe.aero\/fr\/wp-json\/wp\/v2\/posts\/3199","targetHints":{"allow":["GET"]}}],"collection":[{"href":"https:\/\/staysafe.aero\/fr\/wp-json\/wp\/v2\/posts"}],"about":[{"href":"https:\/\/staysafe.aero\/fr\/wp-json\/wp\/v2\/types\/post"}],"author":[{"embeddable":true,"href":"https:\/\/staysafe.aero\/fr\/wp-json\/wp\/v2\/users\/13"}],"replies":[{"embeddable":true,"href":"https:\/\/staysafe.aero\/fr\/wp-json\/wp\/v2\/comments?post=3199"}],"version-history":[{"count":8,"href":"https:\/\/staysafe.aero\/fr\/wp-json\/wp\/v2\/posts\/3199\/revisions"}],"predecessor-version":[{"id":3209,"href":"https:\/\/staysafe.aero\/fr\/wp-json\/wp\/v2\/posts\/3199\/revisions\/3209"}],"wp:featuredmedia":[{"embeddable":true,"href":"https:\/\/staysafe.aero\/fr\/wp-json\/wp\/v2\/media\/3201"}],"wp:attachment":[{"href":"https:\/\/staysafe.aero\/fr\/wp-json\/wp\/v2\/media?parent=3199"}],"wp:term":[{"taxonomy":"category","embeddable":true,"href":"https:\/\/staysafe.aero\/fr\/wp-json\/wp\/v2\/categories?post=3199"},{"taxonomy":"post_tag","embeddable":true,"href":"https:\/\/staysafe.aero\/fr\/wp-json\/wp\/v2\/tags?post=3199"}],"curies":[{"name":"wp","href":"https:\/\/api.w.org\/{rel}","templated":true}]}}