{"id":4079,"date":"2022-05-16T07:19:40","date_gmt":"2022-05-16T06:19:40","guid":{"rendered":"https:\/\/staysafe.admin.ch\/?p=4079"},"modified":"2022-05-16T07:19:40","modified_gmt":"2022-05-16T06:19:40","slug":"wef-einschraenkungen-im-luftraum-20-05-26-05-2022","status":"publish","type":"post","link":"https:\/\/staysafe.aero\/fr\/wef-einschraenkungen-im-luftraum-20-05-26-05-2022\/","title":{"rendered":"WEF : restrictions de circulation dans l\u2019espace a\u00e9rien du 20 au 26 mai 2022"},"content":{"rendered":"<p>Davos accueillera une nouvelle \u00e9dition du Forum \u00e9conomique mondial (WEF) du 22 au 26 mai 2022. Comme chaque ann\u00e9e, des <strong>restrictions<\/strong>\u00a0\u00e0 la circulation a\u00e9rienne seront d\u00e9cr\u00e9t\u00e9es pour<strong>\u00a0l\u2019espace a\u00e9rien voisin<\/strong>. La\u00a0<strong>zone r\u00e9glement\u00e9e cr\u00e9\u00e9e \u00e0 cet effet sera en partie d\u00e9j\u00e0 active d\u00e8s les 20 janvier.<\/strong>\u00a0Les heures auxquelles ces restrictions seront en vigueur seront communiqu\u00e9es au pr\u00e9alable par\u00a0<strong>NOTAM\u00a0<\/strong>et indiqu\u00e9es sur le\u00a0<strong>DABS<\/strong>. Pour en savoir plus, on consultera le site\u00a0<a href=\"https:\/\/www.bazl.admin.ch\/bazl\/fr\/home\/experts\/wef.html\" target=\"_blank\" rel=\"noopener\">www.bazl.admin.ch\/wef<\/a>. Sur le site sont \u00e9galement disponibles les formulaires de demande d\u2019autorisation pour circuler dans la zone r\u00e9glement\u00e9e. Faute d\u2019autorisation, la zone doit \u00eatre contourn\u00e9e.<\/p>\n<p><a href=\"https:\/\/www.kantonsamtsblatt.gr.ch\/ekab\/00.064.376\/publikation\/\" target=\"_blank\" rel=\"noopener\">La police cantonale du canton des Grisons<\/a> \u00e9dicte les r\u00e9glementations relatives aux vols de mod\u00e8les r\u00e9duits d&#8217;a\u00e9ronefs, de drones, de deltaplanes ou de parapentes.<\/p>\n<p><b>Dur\u00e9e de validit\u00e9 de la restriction: vendredi 20 mai 2022<\/b>\u00a0de 10.00\u00a0\u00e0 17.00 heure locale\u00a0ainsi que\u00a0<b>de dimanche 22 mai 2022<\/b>\u00a0de 08.00\u00a0heure locale\u00a0jusqu&#8217;au<b>\u00a0jeudi 26 mai 2022\u00a0<\/b>\u00e0 17.00 heure locale.<\/p>\n<p>&nbsp;<\/p>","protected":false},"excerpt":{"rendered":"<p>Davos accueillera une nouvelle \u00e9dition du Forum \u00e9conomique mondial (WEF) du 22 au 26 mai 2022. Comme chaque ann\u00e9e, des [&hellip;]<\/p>\n","protected":false},"author":13,"featured_media":4080,"comment_status":"open","ping_status":"closed","sticky":false,"template":"","format":"standard","meta":{"_exactmetrics_skip_tracking":false,"_exactmetrics_sitenote_active":false,"_exactmetrics_sitenote_note":"","_exactmetrics_sitenote_category":0,"footnotes":""},"categories":[337,1,9,13,31,208],"tags":[],"class_list":["post-4079","post","type-post","status-publish","format-standard","has-post-thumbnail","hentry","category-drohnen","category-home-teaser","category-pilot","category-aktuell","category-operation","category-filme-luftraum"],"_links":{"self":[{"href":"https:\/\/staysafe.aero\/fr\/wp-json\/wp\/v2\/posts\/4079","targetHints":{"allow":["GET"]}}],"collection":[{"href":"https:\/\/staysafe.aero\/fr\/wp-json\/wp\/v2\/posts"}],"about":[{"href":"https:\/\/staysafe.aero\/fr\/wp-json\/wp\/v2\/types\/post"}],"author":[{"embeddable":true,"href":"https:\/\/staysafe.aero\/fr\/wp-json\/wp\/v2\/users\/13"}],"replies":[{"embeddable":true,"href":"https:\/\/staysafe.aero\/fr\/wp-json\/wp\/v2\/comments?post=4079"}],"version-history":[{"count":4,"href":"https:\/\/staysafe.aero\/fr\/wp-json\/wp\/v2\/posts\/4079\/revisions"}],"predecessor-version":[{"id":4084,"href":"https:\/\/staysafe.aero\/fr\/wp-json\/wp\/v2\/posts\/4079\/revisions\/4084"}],"wp:featuredmedia":[{"embeddable":true,"href":"https:\/\/staysafe.aero\/fr\/wp-json\/wp\/v2\/media\/4080"}],"wp:attachment":[{"href":"https:\/\/staysafe.aero\/fr\/wp-json\/wp\/v2\/media?parent=4079"}],"wp:term":[{"taxonomy":"category","embeddable":true,"href":"https:\/\/staysafe.aero\/fr\/wp-json\/wp\/v2\/categories?post=4079"},{"taxonomy":"post_tag","embeddable":true,"href":"https:\/\/staysafe.aero\/fr\/wp-json\/wp\/v2\/tags?post=4079"}],"curies":[{"name":"wp","href":"https:\/\/api.w.org\/{rel}","templated":true}]}}