{"id":5320,"date":"2025-01-13T10:12:03","date_gmt":"2025-01-13T09:12:03","guid":{"rendered":"https:\/\/staysafe.aero\/?p=5320"},"modified":"2025-01-13T16:11:22","modified_gmt":"2025-01-13T15:11:22","slug":"wef-2025-luftraumeinschraenkungen-vom-17-bis-25-januar-2025","status":"publish","type":"post","link":"https:\/\/staysafe.aero\/fr\/wef-2025-luftraumeinschraenkungen-vom-17-bis-25-januar-2025\/","title":{"rendered":"WEF 2025 : Restrictions de l\u2019espace a\u00e9rien le 17 et du 20 au 25 janvier 2025"},"content":{"rendered":"<p>Le Forum \u00e9conomique mondial (WEF) se tiendra du 20 au 24 janvier 2025 \u00e0 Davos. A cette occasion, diverses mesures de s\u00e9curit\u00e9 seront prises sur demande du gouvernement grison. Parmi ces derni\u00e8res, la d\u00e9cision du Conseil f\u00e9d\u00e9ral de limiter l&#8217;acc\u00e8s \u00e0 l&#8217;espace a\u00e9rien et aux a\u00e9rodromes dans la r\u00e9gion de Davos du 17 au 25 janvier 2025. Les Forces a\u00e9riennes suisses ont \u00e9t\u00e9 mandat\u00e9es par le Conseil f\u00e9d\u00e9ral pour assurer, durant cette p\u00e9riode, la sauvegarde de la souverainet\u00e9 a\u00e9rienne.<\/p>\n<p>La circulation a\u00e9rienne sur le territoire national est limit\u00e9e dans un rayon de 25 miles nautiques (47 kilom\u00e8tres environ) autour du centre de Davos. Des restrictions similaires s\u2019appliquent aux zones limitrophes de l\u2019Autriche et de l\u2019Italie. Les d\u00e9collages et atterrissages de et sur les a\u00e9rodromes \u00e0 l\u2019int\u00e9rieur de la zone de s\u00e9curit\u00e9 sont soumis \u00e0 des r\u00e8gles et proc\u00e9dures particuli\u00e8res \u00e9labor\u00e9es par les Forces a\u00e9riennes en collaboration avec l\u2019Office f\u00e9d\u00e9ral de l\u2019aviation civile.<\/p>\n<p><img loading=\"lazy\" decoding=\"async\" class=\"alignnone size-full wp-image-4821\" src=\"https:\/\/staysafe.aero\/wp-content\/uploads\/2024\/01\/25NM_LS-R_WEF2024.png\" alt=\"\" width=\"1082\" height=\"834\" srcset=\"https:\/\/staysafe.aero\/wp-content\/uploads\/2024\/01\/25NM_LS-R_WEF2024.png 1082w, https:\/\/staysafe.aero\/wp-content\/uploads\/2024\/01\/25NM_LS-R_WEF2024-300x231.png 300w, https:\/\/staysafe.aero\/wp-content\/uploads\/2024\/01\/25NM_LS-R_WEF2024-1024x789.png 1024w, https:\/\/staysafe.aero\/wp-content\/uploads\/2024\/01\/25NM_LS-R_WEF2024-768x592.png 768w\" sizes=\"auto, (max-width: 1082px) 100vw, 1082px\" \/><\/p>\n<p>Des r\u00e8gles et proc\u00e9dures sp\u00e9ciales s\u2019appliquent au service de vol sur les a\u00e9rodromes de Bad Ragaz, Balzers et Samedan, se trouvant dans la R-Area. Tous les vols \u00e0 destination et \u00e0 partir de ces a\u00e9rodromes exigent une autorisation pr\u00e9alable des Forces a\u00e9riennes.<\/p>\n<p>L\u2019a\u00e9ronautique ne se limite pas seulement aux h\u00e9licopt\u00e8res et aux avions, les autres usagers de l\u2019espace a\u00e9rien sont \u00e9galement soumis aux restrictions de vol suivantes:<\/p>\n<p>L&#8217;utilisation de\u00a0<b>mod\u00e8les r\u00e9duits d&#8217;avions, de drones et de ballons captifs<\/b>\u00a0sera limit\u00e9e dans une zone comprise entre Davos Monstein et Schiers, en passant par le col de Wolfgang et le Pr\u00e4ttigau, du 17 au 25 janvier 2025. Les d\u00e9tails \u00e0 ce sujet sont disponibles \u00e0 partir du 15 janvier sur la\u00a0<a href=\"https:\/\/www.bazl.admin.ch\/bazl\/fr\/home\/drohnen\/open1\/drone-maps.html\">carte des drones<\/a>.<\/p>\n<p><b>Les vols d\u2019ailes delta ou de parapentes\u00a0<\/b>seront limit\u00e9s le 17 ainsi que du 20 au 25 janvier 2025.<b>\u00a0<\/b>Les d\u00e9tails \u00e0 ce sujet sont disponibles sur le\u00a0<a class=\"icon icon--after icon--external\" title=\"\" href=\"https:\/\/www.shv-fsvl.ch\/fr\/federation\/infos-generales\/news-fr\/luftaumeinschraenkung-waehrend-dem-wef-141-und-17-22121\/\" target=\"_blank\" rel=\"noopener\">site web de la F\u00e9d\u00e9ration Suisse de vol libre<\/a>.<\/p>\n<p>Les informations d\u00e9taill\u00e9es sont \u00e0 reprendre\u00a0des publications officielles (VFR Manual SUP, NOTAM, DABS, etc.).<\/p>\n<p><strong>Identification d&#8217;un avion par les Forces a\u00e9riennes<\/strong><br \/>\nLorsque je suis aux commandes de mon appareil comment dois-je r\u00e9agir lorsqu\u2019un avion militaire surgit \u00e0 mon c\u00f4t\u00e9 ? Comment me comporter ? Pourquoi suis-je accompagn\u00e9 par les Forces a\u00e9riennes et qu\u2019attendent-elles de moi ? Autant de questions auxquelles r\u00e9pond le colonnel EMG J\u00e9r\u00f4me \u00ab Geronimo \u00bb d&#8217;Hooghe des Forces a\u00e9riennes dans ce petit film de sensibilisation.<\/p>\n<div class=\"mod mod-text\"><\/div>\n<div>\n<p><iframe loading=\"lazy\" title=\"Identification d&#039;un avion par les Forces a\u00e9riennes : Standby 121,5\" width=\"640\" height=\"360\" src=\"https:\/\/www.youtube.com\/embed\/T7ZKMUna24o?feature=oembed\" frameborder=\"0\" allow=\"accelerometer; autoplay; clipboard-write; encrypted-media; gyroscope; picture-in-picture; web-share\" referrerpolicy=\"strict-origin-when-cross-origin\" allowfullscreen><\/iframe><\/p>\n<\/div>\n<div><\/div>\n<p><\/p>","protected":false},"excerpt":{"rendered":"<p>Le Forum \u00e9conomique mondial (WEF) se tiendra du 20 au 24 janvier 2025 \u00e0 Davos. A cette occasion, diverses mesures [&hellip;]<\/p>\n","protected":false},"author":13,"featured_media":5321,"comment_status":"open","ping_status":"closed","sticky":false,"template":"","format":"standard","meta":{"_exactmetrics_skip_tracking":false,"_exactmetrics_sitenote_active":false,"_exactmetrics_sitenote_note":"","_exactmetrics_sitenote_category":0,"footnotes":""},"categories":[504,1,9,13,463,486,487,488,489,490,491,492,493],"tags":[200,322],"class_list":["post-5320","post","type-post","status-publish","format-standard","has-post-thumbnail","hentry","category-pilot-ich-bin","category-home-teaser","category-pilot","category-aktuell","category-luftraum","category-motorflug","category-segelflug","category-ultraleicht-ecolight","category-helikopter","category-modellflug","category-rpas","category-eigenbau","category-ballon","tag-wef","tag-airspace"],"_links":{"self":[{"href":"https:\/\/staysafe.aero\/fr\/wp-json\/wp\/v2\/posts\/5320","targetHints":{"allow":["GET"]}}],"collection":[{"href":"https:\/\/staysafe.aero\/fr\/wp-json\/wp\/v2\/posts"}],"about":[{"href":"https:\/\/staysafe.aero\/fr\/wp-json\/wp\/v2\/types\/post"}],"author":[{"embeddable":true,"href":"https:\/\/staysafe.aero\/fr\/wp-json\/wp\/v2\/users\/13"}],"replies":[{"embeddable":true,"href":"https:\/\/staysafe.aero\/fr\/wp-json\/wp\/v2\/comments?post=5320"}],"version-history":[{"count":14,"href":"https:\/\/staysafe.aero\/fr\/wp-json\/wp\/v2\/posts\/5320\/revisions"}],"predecessor-version":[{"id":5345,"href":"https:\/\/staysafe.aero\/fr\/wp-json\/wp\/v2\/posts\/5320\/revisions\/5345"}],"wp:featuredmedia":[{"embeddable":true,"href":"https:\/\/staysafe.aero\/fr\/wp-json\/wp\/v2\/media\/5321"}],"wp:attachment":[{"href":"https:\/\/staysafe.aero\/fr\/wp-json\/wp\/v2\/media?parent=5320"}],"wp:term":[{"taxonomy":"category","embeddable":true,"href":"https:\/\/staysafe.aero\/fr\/wp-json\/wp\/v2\/categories?post=5320"},{"taxonomy":"post_tag","embeddable":true,"href":"https:\/\/staysafe.aero\/fr\/wp-json\/wp\/v2\/tags?post=5320"}],"curies":[{"name":"wp","href":"https:\/\/api.w.org\/{rel}","templated":true}]}}