{"id":5890,"date":"2026-01-13T12:01:54","date_gmt":"2026-01-13T11:01:54","guid":{"rendered":"https:\/\/staysafe.aero\/?p=5890"},"modified":"2026-01-13T16:22:49","modified_gmt":"2026-01-13T15:22:49","slug":"wef-2026-bitte-luftraumeinschraenkungen-beachten","status":"publish","type":"post","link":"https:\/\/staysafe.aero\/fr\/wef-2026-bitte-luftraumeinschraenkungen-beachten\/","title":{"rendered":"WEF 2026 : veuillez respecter les restrictions de l&#8217;espace a\u00e9rien"},"content":{"rendered":"<p><b>Du 19 au 24 janvier 2026, le Forum \u00e9conomique mondial se tiendra \u00e0 Davos. Dans une zone d&#8217;un rayon de 25 milles marins (environ 46,3 km) centr\u00e9e sur Davos, le trafic a\u00e9rien sera restreint au-dessus des territoires suisse, autrichien, liechtensteinois et italien. Veuillez planifier vos vols avec soin et \u00e9viter toute violation de l&#8217;espace a\u00e9rien.<\/b><\/p>\n<p><img loading=\"lazy\" decoding=\"async\" class=\"alignnone size-full wp-image-5892\" src=\"https:\/\/staysafe.aero\/wp-content\/uploads\/2026\/01\/WEF2026-DAVOS.avif\" alt=\"\" width=\"2048\" height=\"1448\" srcset=\"https:\/\/staysafe.aero\/wp-content\/uploads\/2026\/01\/WEF2026-DAVOS.avif 2048w, https:\/\/staysafe.aero\/wp-content\/uploads\/2026\/01\/WEF2026-DAVOS-300x212.avif 300w, https:\/\/staysafe.aero\/wp-content\/uploads\/2026\/01\/WEF2026-DAVOS-1024x724.avif 1024w, https:\/\/staysafe.aero\/wp-content\/uploads\/2026\/01\/WEF2026-DAVOS-768x543.avif 768w, https:\/\/staysafe.aero\/wp-content\/uploads\/2026\/01\/WEF2026-DAVOS-1536x1086.avif 1536w\" sizes=\"auto, (max-width: 2048px) 100vw, 2048px\" \/><\/p>\n<p><b>Les arriv\u00e9es et les d\u00e9parts vers les a\u00e9rodromes r\u00e9gionaux, les a\u00e9rodromes et les h\u00e9liports situ\u00e9s dans la zone LSR<\/b> sont soumis \u00e0 des r\u00e8gles et proc\u00e9dures sp\u00e9ciales \u00e9labor\u00e9es par les Forces a\u00e9riennes en collaboration avec l&#8217;Office f\u00e9d\u00e9ral de l&#8217;aviation civile (OFAC). Seules les routes de vol \u00e0 vue prescrites peuvent \u00eatre emprunt\u00e9es. Tous ces vols sont <b>soumis \u00e0 autorisation<\/b>. L&#8217;accr\u00e9ditation des pilotes et des a\u00e9ronefs est une condition pr\u00e9alable \u00e0 l&#8217;octroi de l&#8217;autorisation. M\u00eame apr\u00e8s l&#8217;accr\u00e9ditation, chaque vol doit faire l&#8217;objet d&#8217;une demande aupr\u00e8s des Forces a\u00e9riennes, qui statuent en fonction des besoins op\u00e9rationnels et des consid\u00e9rations de s\u00e9curit\u00e9.<\/p>\n<p>L&#8217;aviation ne se limite pas aux h\u00e9licopt\u00e8res et aux avions. Ainsi, le 16 janvier et du 19 au 24 janvier 2026, d&#8217;autres utilisateurs de l&#8217;espace a\u00e9rien seront \u00e9galement soumis \u00e0 des restrictions :<\/p>\n<ul>\n<li>pendant cette p\u00e9riode, les pilotes de parapente et de delta seront soumis \u00e0 une interdiction de vol dans la zone comprise entre Davos Monstein, le col du Wolfgangpass, le Pr\u00e4ttigau et Landquart, ainsi que dans la r\u00e9gion de Coire (voir petite carte ci-dessous).<\/li>\n<li>Les a\u00e9ronefs sans pilote (drones, y compris les drones de moins de 250 g, multicopt\u00e8res, h\u00e9licopt\u00e8res et avions miniatures) seront soumis \u00e0 une interdiction totale de vol (voir \u00e9galement la petite carte ci-dessous) du 14 janvier au 24 janvier 2026 inclus.<\/li>\n<li>Pour les pilotes de parapente et de delta, une interdiction de vol s&#8217;applique dans la m\u00eame zone (voir carte ci-dessous) le 16 janvier, de 10h00 \u00e0 17h00, ainsi que du 19 janvier, 8h00, au 24 janvier, 17h00, sans interruption.<\/li>\n<\/ul>\n<p>Les d\u00e9tails sont disponibles <a href=\"https:\/\/map.geo.admin.ch\/?layers=ch.bazl.einschraenkungen-drohnen&amp;lang=de\">sur la carte des drones<\/a>.<\/p>\n<p>Les vols en <b>deltaplane ou en parapente <\/b>sont limit\u00e9s le 16 janvier et du 19 au 24 janvier 2026. Les d\u00e9tails sont disponibles sur le <a href=\"https:\/\/www.shv-fsvl.ch\/\">site web de la f\u00e9d\u00e9ration de vol libre<\/a>. Les informations d\u00e9taill\u00e9es figurent dans les publications officielles (manuel VFR SUP, NOTAM, DABS, voir informations compl\u00e9mentaires).<\/p>","protected":false},"excerpt":{"rendered":"<p>Du 19 au 24 janvier 2026, le Forum \u00e9conomique mondial se tiendra \u00e0 Davos. Dans une zone d&#8217;un rayon de [&hellip;]<\/p>\n","protected":false},"author":13,"featured_media":5891,"comment_status":"open","ping_status":"closed","sticky":false,"template":"","format":"standard","meta":{"_exactmetrics_skip_tracking":false,"_exactmetrics_sitenote_active":false,"_exactmetrics_sitenote_note":"","_exactmetrics_sitenote_category":0,"footnotes":""},"categories":[490,491,492,493,494,502,504,506,1,508,13,515,31,463,486,487,488,489],"tags":[200,201,322],"class_list":["post-5890","post","type-post","status-publish","format-standard","has-post-thumbnail","hentry","category-modellflug","category-rpas","category-eigenbau","category-ballon","category-parachute","category-aktuelle-themen","category-pilot-ich-bin","category-fluglehrerin","category-home-teaser","category-eine-person-aus-dem-umfeld-der-allgemeinen-luftfahrt","category-aktuell","category-safety-notifications","category-operation","category-luftraum","category-motorflug","category-segelflug","category-ultraleicht-ecolight","category-helikopter","tag-wef","tag-restricted-area","tag-airspace"],"_links":{"self":[{"href":"https:\/\/staysafe.aero\/fr\/wp-json\/wp\/v2\/posts\/5890","targetHints":{"allow":["GET"]}}],"collection":[{"href":"https:\/\/staysafe.aero\/fr\/wp-json\/wp\/v2\/posts"}],"about":[{"href":"https:\/\/staysafe.aero\/fr\/wp-json\/wp\/v2\/types\/post"}],"author":[{"embeddable":true,"href":"https:\/\/staysafe.aero\/fr\/wp-json\/wp\/v2\/users\/13"}],"replies":[{"embeddable":true,"href":"https:\/\/staysafe.aero\/fr\/wp-json\/wp\/v2\/comments?post=5890"}],"version-history":[{"count":3,"href":"https:\/\/staysafe.aero\/fr\/wp-json\/wp\/v2\/posts\/5890\/revisions"}],"predecessor-version":[{"id":5895,"href":"https:\/\/staysafe.aero\/fr\/wp-json\/wp\/v2\/posts\/5890\/revisions\/5895"}],"wp:featuredmedia":[{"embeddable":true,"href":"https:\/\/staysafe.aero\/fr\/wp-json\/wp\/v2\/media\/5891"}],"wp:attachment":[{"href":"https:\/\/staysafe.aero\/fr\/wp-json\/wp\/v2\/media?parent=5890"}],"wp:term":[{"taxonomy":"category","embeddable":true,"href":"https:\/\/staysafe.aero\/fr\/wp-json\/wp\/v2\/categories?post=5890"},{"taxonomy":"post_tag","embeddable":true,"href":"https:\/\/staysafe.aero\/fr\/wp-json\/wp\/v2\/tags?post=5890"}],"curies":[{"name":"wp","href":"https:\/\/api.w.org\/{rel}","templated":true}]}}