{"id":5006,"date":"2025-04-02T13:33:26","date_gmt":"2025-04-02T12:33:26","guid":{"rendered":"https:\/\/staysafe.aero\/?p=5006"},"modified":"2025-04-04T09:54:15","modified_gmt":"2025-04-04T08:54:15","slug":"staysafe-an-der-aero-2024-wir-freuen-uns-auf-deinen-besuch","status":"publish","type":"post","link":"https:\/\/staysafe.aero\/it\/staysafe-an-der-aero-2024-wir-freuen-uns-auf-deinen-besuch\/","title":{"rendered":"State tranquilli all&#8217;AERO 2025 &#8211; vi aspettiamo!"},"content":{"rendered":"<p>Come faccio a testare il mio ELT? Come mi preparo per un volo in Svizzera\/Alpi? Di cosa devo tenere conto quando volo in Svizzera con il mio UL? Cosa succede se non chiudo il mio piano di volo?<\/p>\n<p><strong>Le domande sono benvenute!<br \/>\n<\/strong>Insieme al team SAR e agli esperti di sicurezza aerea e navigabilit\u00e0, saremo presenti di persona all&#8217;Aero di quest&#8217;anno <b>dal 9 al 12 aprile 2025 nel padiglione A5, stand 228<\/b>, e saremo lieti di rispondere alle vostre domande. Fate controllare i dati del vostro ELT direttamente in loco nel database dei trasmettitori di emergenza o fatevi spiegare l&#8217;APP gratuita \u00abSAR Alert\u00bb, ottenete molte informazioni utili direttamente dagli esperti sul tema della sicurezza.<\/p>\n<p>Anche quest&#8217;anno abbiamo con noi un&#8217;ampia gamma di materiale promozionale sulla sicurezza, come l&#8217;edizione rivista della VFR Pilot Guide Switzerland in carta impermeabile, la nuova Safety Card per la segnalazione in formato carta di credito e molti fantastici gadget. Venite a trovarci, vi aspettiamo!<\/p>\n<p><img loading=\"lazy\" decoding=\"async\" class=\"alignnone size-full wp-image-5470\" src=\"https:\/\/staysafe.aero\/wp-content\/uploads\/2025\/04\/Screenshot-2025-03-28-123118.png\" alt=\"\" width=\"1795\" height=\"1147\" srcset=\"https:\/\/staysafe.aero\/wp-content\/uploads\/2025\/04\/Screenshot-2025-03-28-123118.png 1795w, https:\/\/staysafe.aero\/wp-content\/uploads\/2025\/04\/Screenshot-2025-03-28-123118-300x192.png 300w, https:\/\/staysafe.aero\/wp-content\/uploads\/2025\/04\/Screenshot-2025-03-28-123118-1024x654.png 1024w, https:\/\/staysafe.aero\/wp-content\/uploads\/2025\/04\/Screenshot-2025-03-28-123118-768x491.png 768w, https:\/\/staysafe.aero\/wp-content\/uploads\/2025\/04\/Screenshot-2025-03-28-123118-1536x981.png 1536w\" sizes=\"auto, (max-width: 1795px) 100vw, 1795px\" \/><\/p>\n<p>Per noi \u00e8 molto importante mantenere un dialogo personale con la comunit\u00e0 dei piloti, non solo attraverso i social media. Un evento come AERO Friedrichshafen offre la migliore opportunit\u00e0 in tal senso. Non vediamo l&#8217;ora di incontrare molte nuove persone e di avere interessanti conversazioni sulla sicurezza nell&#8217;aviazione generale.<\/p>","protected":false},"excerpt":{"rendered":"<p>Come faccio a testare il mio ELT? Come mi preparo per un volo in Svizzera\/Alpi? Di cosa devo tenere conto [&hellip;]<\/p>\n","protected":false},"author":13,"featured_media":5474,"comment_status":"open","ping_status":"closed","sticky":false,"template":"","format":"standard","meta":{"_exactmetrics_skip_tracking":false,"_exactmetrics_sitenote_active":false,"_exactmetrics_sitenote_note":"","_exactmetrics_sitenote_category":0,"footnotes":""},"categories":[489,508,490,510,491,516,492,493,497,498,499,500,1,501,13,502,30,503,450,504,486,505,487,506,488,507],"tags":[],"class_list":["post-5006","post","type-post","status-publish","format-standard","has-post-thumbnail","hentry","category-helikopter","category-eine-person-aus-dem-umfeld-der-allgemeinen-luftfahrt","category-modellflug","category-safety-kultur-ich-interessiere-mich-fuer-das-thema","category-rpas","category-events-scene-links","category-eigenbau","category-ballon","category-airmanship-become-a-better-pilot","category-lufttuechtigkeit","category-weather","category-safety-managementsystem","category-home-teaser","category-human-behaviour","category-aktuell","category-aktuelle-themen","category-diverses","category-unfaelle-und-vorfaelle","category-quiz","category-pilot-ich-bin","category-motorflug","category-mechanikerin","category-segelflug","category-fluglehrerin","category-ultraleicht-ecolight","category-flughafenpersonal"],"_links":{"self":[{"href":"https:\/\/staysafe.aero\/it\/wp-json\/wp\/v2\/posts\/5006","targetHints":{"allow":["GET"]}}],"collection":[{"href":"https:\/\/staysafe.aero\/it\/wp-json\/wp\/v2\/posts"}],"about":[{"href":"https:\/\/staysafe.aero\/it\/wp-json\/wp\/v2\/types\/post"}],"author":[{"embeddable":true,"href":"https:\/\/staysafe.aero\/it\/wp-json\/wp\/v2\/users\/13"}],"replies":[{"embeddable":true,"href":"https:\/\/staysafe.aero\/it\/wp-json\/wp\/v2\/comments?post=5006"}],"version-history":[{"count":8,"href":"https:\/\/staysafe.aero\/it\/wp-json\/wp\/v2\/posts\/5006\/revisions"}],"predecessor-version":[{"id":5472,"href":"https:\/\/staysafe.aero\/it\/wp-json\/wp\/v2\/posts\/5006\/revisions\/5472"}],"wp:featuredmedia":[{"embeddable":true,"href":"https:\/\/staysafe.aero\/it\/wp-json\/wp\/v2\/media\/5474"}],"wp:attachment":[{"href":"https:\/\/staysafe.aero\/it\/wp-json\/wp\/v2\/media?parent=5006"}],"wp:term":[{"taxonomy":"category","embeddable":true,"href":"https:\/\/staysafe.aero\/it\/wp-json\/wp\/v2\/categories?post=5006"},{"taxonomy":"post_tag","embeddable":true,"href":"https:\/\/staysafe.aero\/it\/wp-json\/wp\/v2\/tags?post=5006"}],"curies":[{"name":"wp","href":"https:\/\/api.w.org\/{rel}","templated":true}]}}